{"id":7925,"date":"2025-10-01T18:19:48","date_gmt":"2025-10-01T16:19:48","guid":{"rendered":"https:\/\/mpz-hamburg.de\/neu\/?p=7925"},"modified":"2025-10-05T19:06:06","modified_gmt":"2025-10-05T17:06:06","slug":"der-unbequeme-weg-geschichten-totaler-kriegsdienstverweiger","status":"publish","type":"post","link":"http:\/\/mpz-hamburg.de\/neu\/der-unbequeme-weg-geschichten-totaler-kriegsdienstverweiger\/","title":{"rendered":"mpz-salon: &#8218;Der unbequeme Weg &#8211; Geschichten totaler Kriegsdienstverweigerer&#8216;"},"content":{"rendered":"\n<div class=\"wp-block-media-text is-stacked-on-mobile\"><figure class=\"wp-block-media-text__media\"><img loading=\"lazy\" decoding=\"async\" width=\"720\" height=\"576\" src=\"https:\/\/mpz-hamburg.de\/neu\/wp-content\/uploads\/2025\/10\/1.jpg\" alt=\"\" class=\"wp-image-7926 size-full\" srcset=\"http:\/\/mpz-hamburg.de\/neu\/wp-content\/uploads\/2025\/10\/1.jpg 720w, http:\/\/mpz-hamburg.de\/neu\/wp-content\/uploads\/2025\/10\/1-300x240.jpg 300w\" sizes=\"auto, (max-width: 720px) 100vw, 720px\" \/><\/figure><div class=\"wp-block-media-text__content\">\n<p>mpz-salon im <a href=\"http:\/\/mpz-hamburg.de.w020b5ec.kasserver.com\/kontakt\/\">mpz<\/a>:<br><strong>Dienstag 21. Oktober 25,  19<\/strong> <strong>Uhr<\/strong>:<\/p>\n\n\n\n<p>&#8218;Der unbequeme Weg &#8211; Geschichten totaler Kriegsdienstverweigerer&#8216;<\/p>\n\n\n\n<p>von Michael Enger 1987-1991 \/ 60&#8242;<\/p>\n<\/div><\/div>\n\n\n\n<p><strong>Zu Gast: Michael Enger<\/strong>, Filmemacher, <strong>Gabriele Heinecke<\/strong>, Rechtsanw\u00e4ltin, <strong>Heiko Streck<\/strong>, hat zu der Zeit den Kriegsdienst total verweigert<\/p>\n\n\n\n<p class=\"has-small-font-size\">\u201aWir sind nicht mehr im Frieden\u2019 behauptet der Bundeskanzler, m\u00fcssen \u201akriegst\u00fcchtig werden\u2019, \u201adie st\u00e4rkste Armee Europas haben\u2019.&nbsp; Wegen der Bedrohungslage durch den \u201aFeind im Osten\u2019, der laut Aussenminister Wadephul \u201aimmer ein Feind f\u00fcr uns bleiben (wird)\u2019. Hatten wir das nicht schon mal ?<br>Friedensbewegung, diplomatische Konfliktl\u00f6sung scheinen Fremdworte zu werden.<br>Ab 2027 wird die verpflichtende Musterung f\u00fcr alle 2026 Vollj\u00e4hrigen eingef\u00fchrt !<\/p>\n\n\n\n<p class=\"has-small-font-size\">Der Film begleitet die Geschichten totaler Kriegsdienstverweigerer in der Bundesrepublik und der DDR \u00fcber mehrere Jahre. Es ist ein streitbarer Film \u00fcber den heute vergessenen Widerstand radikaler Pazifisten gegen die Wehrpflicht und gegen die eigene Verplanung im Krieg, auch als Zivildienstleistende. Denn &#8211; wie es im damaligen Begleittext zum Film hie\u00df \u2013 \u201elaut Grundgesetz darf nur der Kriegsdienst mit der Waffe verweigert werden. Zu Kriegsdiensten ohne Waffe kann nach dem Notstandsartikel 12 a aber jeder verpflichtet werden, gleich ob Mann oder Frau. Totale Kriegsdienstverweigerer sind f\u00fcr keinerlei Dienst am Krieg. Auch nicht durch den Zivildienst. Sie wollen sich nicht f\u00fcr den Krieg verplanen lassen und keiner Einberufung Folge leisten. Denn auch der Zivildienst ist \u00fcber die Zivilverteidigung in die Kriegsszenarien der Milit\u00e4rs eingebunden.\u201c<br>Totale Kriegsdienstverweigerer folgten ihrem Gewissen, was damals von deutschen Richtern jedoch selten anerkannt wurde. Die Gerichte verfolgten die radikalen Pazifisten strafrechtlich, einige gingen f\u00fcr ihre \u00dcberzeugung ins Gef\u00e4ngnis.<br>Der Film wirft einen interessanten Blick zur\u00fcck, in Zeiten, da \u00fcber die Wiedereinf\u00fchrung der Wehrpflicht diskutiert wird und das Land kriegst\u00fcchtig werden soll.<\/p>\n\n\n\n<p class=\"has-small-font-size\">Eintritt frei &#8211; Spende erw\u00fcnscht<\/p>\n\n\n\n<p class=\"has-small-font-size\" id=\"block-c74f5b0c-75d9-4dff-b4b3-b275bd4c56c0\"><strong>Informationen zu unseren Veranstaltungen:<\/strong>&nbsp;Wir informieren und laden gerne zu unseren aktuellen mpz-Veranstaltungen per eMail ein. Wer in den eMail-Verteiler will, sende bitte eine entsprechende eMail an uns:&nbsp;<a href=\"mailto:info@mpz-hamburg.de\">info@mpz-hamburg.de<\/a>.<\/p>\n\n\n\n<p class=\"has-small-font-size\" id=\"block-64f3cf30-548b-4dd4-9158-71e2e31a3a55\"><strong>Das mpz unterst\u00fctzen:<\/strong>&nbsp;Das mpz \u2013 Medienp\u00e4dagogik Zentrum Hamburg e.V. ist ein selbstorganisiertes unabh\u00e4ngiges alternatives Medienzentrum seit 1973. Im mpz werden u. a. Videofilme produziert, archiviert, diskutiert, verliehen und inzwischen auch verkauft. Wir finanzieren uns fast ausschlie\u00dflich durch&nbsp;<a href=\"http:\/\/mpz-hamburg.de.w020b5ec.kasserver.com\/?page_id=372\">Mitgliedsbeitr\u00e4ge und Spenden<\/a>. Darum sind Spenden dringend erw\u00fcnscht:<br>Unser Konto: mpz hamburg eV, Konto: IBAN DE15 4306 0967 2068 5756 \u00b7 BIC GENODEM1GLS<br>Am meisten freuen wir uns \u00fcber regelm\u00e4\u00dfige F\u00f6rderbeitr\u00e4ge auch kleiner Summen. Ab einem Beitrag von 9,50 Euro\/Monat bedanken wir uns mit der kostenlosen privaten Nutzung unseres&nbsp;<a href=\"http:\/\/mpz-hamburg.de.w020b5ec.kasserver.com\/neu\/?page_id=19\">Archivs<\/a>.<\/p>\n","protected":false},"excerpt":{"rendered":"<p>mpz-salon im mpz:Dienstag 21. Oktober 25, 19 Uhr: &#8218;Der unbequeme Weg &#8211; Geschichten totaler Kriegsdienstverweigerer&#8216; von Michael Enger 1987-1991 \/ 60&#8242; Zu Gast: Michael Enger, Filmemacher, Gabriele Heinecke, Rechtsanw\u00e4ltin, Heiko Streck, hat zu der Zeit den Kriegsdienst total verweigert \u201aWir &hellip; <a href=\"http:\/\/mpz-hamburg.de\/neu\/der-unbequeme-weg-geschichten-totaler-kriegsdienstverweiger\/\">Weiterlesen <span class=\"meta-nav\">&rarr;<\/span><\/a><\/p>\n","protected":false},"author":1,"featured_media":0,"comment_status":"closed","ping_status":"closed","sticky":false,"template":"","format":"standard","meta":{"footnotes":""},"categories":[3],"tags":[39,258,259],"class_list":["post-7925","post","type-post","status-publish","format-standard","hentry","category-veranstaltungen","tag-dokumentarfilm","tag-kriegsdienstverweigerung","tag-totalverweigerung"],"_links":{"self":[{"href":"http:\/\/mpz-hamburg.de\/neu\/wp-json\/wp\/v2\/posts\/7925","targetHints":{"allow":["GET"]}}],"collection":[{"href":"http:\/\/mpz-hamburg.de\/neu\/wp-json\/wp\/v2\/posts"}],"about":[{"href":"http:\/\/mpz-hamburg.de\/neu\/wp-json\/wp\/v2\/types\/post"}],"author":[{"embeddable":true,"href":"http:\/\/mpz-hamburg.de\/neu\/wp-json\/wp\/v2\/users\/1"}],"replies":[{"embeddable":true,"href":"http:\/\/mpz-hamburg.de\/neu\/wp-json\/wp\/v2\/comments?post=7925"}],"version-history":[{"count":6,"href":"http:\/\/mpz-hamburg.de\/neu\/wp-json\/wp\/v2\/posts\/7925\/revisions"}],"predecessor-version":[{"id":7954,"href":"http:\/\/mpz-hamburg.de\/neu\/wp-json\/wp\/v2\/posts\/7925\/revisions\/7954"}],"wp:attachment":[{"href":"http:\/\/mpz-hamburg.de\/neu\/wp-json\/wp\/v2\/media?parent=7925"}],"wp:term":[{"taxonomy":"category","embeddable":true,"href":"http:\/\/mpz-hamburg.de\/neu\/wp-json\/wp\/v2\/categories?post=7925"},{"taxonomy":"post_tag","embeddable":true,"href":"http:\/\/mpz-hamburg.de\/neu\/wp-json\/wp\/v2\/tags?post=7925"}],"curies":[{"name":"wp","href":"https:\/\/api.w.org\/{rel}","templated":true}]}}